{"id":140,"date":"2025-09-10T15:44:05","date_gmt":"2025-09-10T15:44:05","guid":{"rendered":"https:\/\/allteca.org\/wp\/?p=140"},"modified":"2025-09-12T18:10:52","modified_gmt":"2025-09-12T18:10:52","slug":"creation-de-lassociation-allteca","status":"publish","type":"post","link":"https:\/\/allteca.org\/wp\/2025\/09\/10\/creation-de-lassociation-allteca\/","title":{"rendered":"Cr\u00e9ation de l&rsquo;association ALLTECA"},"content":{"rendered":"\n<p>ALLTECA \u2013 ALLiance des Technologies pour l\u2019Agro\u00e9cologie \u2013 est une association de recherche-action qui m\u00e8ne des \u00e9tudes techniques et des exp\u00e9rimentations pour accompagner l\u2019\u00e9volution des pratiques agricoles vers des mod\u00e8les plus durables et plus autonomes.<\/p>\n\n\n\n<p>Les travaux d\u2019ALLTECA s\u2019appuient sur une mutualisation de l\u2019effort de recherche et sur l\u2019\u00e9preuve du r\u00e9el. En relation directe avec le monde agricole et les acteurs territoriaux, l\u2019association d\u00e9veloppe des outils et des m\u00e9thodes inspir\u00e9es des principes des technologies appropri\u00e9es, dans une logique de robustesse syst\u00e9mique, open source et r\u00e9alisables localement.<\/p>\n\n\n\n<p>Les missions statutaires d\u2019ALLTECA sont :<\/p>\n\n\n\n<ul class=\"wp-block-list\">\n<li>Concevoir, exp\u00e9rimenter et \u00e9valuer des technologies, des outils et des m\u00e9thodes en lien avec l\u2019agro\u00e9cologie.<\/li>\n\n\n\n<li>Mener des recherches et des analyses interdisciplinaires en lien avec l\u2019agro\u00e9cologie, les technologies appropri\u00e9es et les dynamiques rurales.<\/li>\n\n\n\n<li>Documenter et transmettre les travaux de l\u2019association afin d\u2019en faciliter la diffusion, la r\u00e9utilisation et l\u2019appropriation collective.<\/li>\n\n\n\n<li>Dispenser des formations th\u00e9oriques et pratiques, notamment pour accompagner la fabrication d\u2019outils, leur mise en \u0153uvre sur le terrain et le d\u00e9ploiement op\u00e9rationnel des m\u00e9thodes d\u00e9velopp\u00e9es.<\/li>\n<\/ul>\n\n\n\n<p>Avec cette cr\u00e9ation, ALLTECA se positionne comme un acteur f\u00e9d\u00e9rateur de l\u2019innovation agricole low-tech, au service de la transition agro\u00e9cologique.<\/p>\n","protected":false},"excerpt":{"rendered":"<p>ALLTECA \u2013 ALLiance des Technologies pour l\u2019Agro\u00e9cologie \u2013 est une association de recherche-action qui m\u00e8ne des \u00e9tudes techniques et des exp\u00e9rimentations pour accompagner l\u2019\u00e9volution des pratiques agricoles vers des mod\u00e8les plus durables et plus autonomes. Les travaux d\u2019ALLTECA s\u2019appuient sur une mutualisation de l\u2019effort de recherche et sur l\u2019\u00e9preuve du r\u00e9el. En relation directe avec [&hellip;]<\/p>\n","protected":false},"author":1,"featured_media":163,"comment_status":"open","ping_status":"open","sticky":false,"template":"","format":"standard","meta":{"footnotes":""},"categories":[1],"tags":[],"class_list":["post-140","post","type-post","status-publish","format-standard","has-post-thumbnail","hentry","category-uncategorized"],"_links":{"self":[{"href":"https:\/\/allteca.org\/wp\/wp-json\/wp\/v2\/posts\/140","targetHints":{"allow":["GET"]}}],"collection":[{"href":"https:\/\/allteca.org\/wp\/wp-json\/wp\/v2\/posts"}],"about":[{"href":"https:\/\/allteca.org\/wp\/wp-json\/wp\/v2\/types\/post"}],"author":[{"embeddable":true,"href":"https:\/\/allteca.org\/wp\/wp-json\/wp\/v2\/users\/1"}],"replies":[{"embeddable":true,"href":"https:\/\/allteca.org\/wp\/wp-json\/wp\/v2\/comments?post=140"}],"version-history":[{"count":2,"href":"https:\/\/allteca.org\/wp\/wp-json\/wp\/v2\/posts\/140\/revisions"}],"predecessor-version":[{"id":143,"href":"https:\/\/allteca.org\/wp\/wp-json\/wp\/v2\/posts\/140\/revisions\/143"}],"wp:featuredmedia":[{"embeddable":true,"href":"https:\/\/allteca.org\/wp\/wp-json\/wp\/v2\/media\/163"}],"wp:attachment":[{"href":"https:\/\/allteca.org\/wp\/wp-json\/wp\/v2\/media?parent=140"}],"wp:term":[{"taxonomy":"category","embeddable":true,"href":"https:\/\/allteca.org\/wp\/wp-json\/wp\/v2\/categories?post=140"},{"taxonomy":"post_tag","embeddable":true,"href":"https:\/\/allteca.org\/wp\/wp-json\/wp\/v2\/tags?post=140"}],"curies":[{"name":"wp","href":"https:\/\/api.w.org\/{rel}","templated":true}]}}